{"id":630586,"date":"2025-11-14T08:41:50","date_gmt":"2025-11-14T11:41:50","guid":{"rendered":"https:\/\/www.oroverde.com.ar\/web\/?p=630586"},"modified":"2025-11-17T08:49:01","modified_gmt":"2025-11-17T11:49:01","slug":"10-encuentro-regional-de-plateros-exposicion-y-feria-2","status":"publish","type":"post","link":"https:\/\/www.oroverde.com.ar\/web\/10-encuentro-regional-de-plateros-exposicion-y-feria-2\/","title":{"rendered":"10\u00b0 Encuentro Regional de Plateros, Exposici\u00f3n y Feria"},"content":{"rendered":"\n<p>Plateros de toda la provincia se reunir\u00e1n este fin de semana en la d\u00e9cima edici\u00f3n del Encuentro Regional de Plateros que se realizar\u00e1 el 15 y 16 de noviembre en el Museo Conrado Hasenauer (Los Tordos 241) de Oro Verde. Ser\u00e1 como todos los a\u00f1os un espacio donde rescatar\u00e1n las ra\u00edces de este arte entrerriano y expondr\u00e1n piezas de plateros de toda la provincia.<\/p>\n\n\n\n<p>Comenzar\u00e1 el s\u00e1bado 15 de noviembre a partir de las 19:30 con la apertura de la exposici\u00f3n que durar\u00e1 dos horas en el Museo.<\/p>\n\n\n\n<p>El domingo 16 de noviembre a partir de las 10 de la ma\u00f1ana habr\u00e1 encuentro y exposici\u00f3n, donde los plateros ofrecer\u00e1n sus piezas en una feria con puestos de venta que se instalar\u00e1n frente al Museo hasta las 20:30 hs.<\/p>\n\n\n\n<p>Esta actividad es organizada por la Asociaci\u00f3n Civil Entrerriana de Plateros y Plateras, el Taller L\u00e1grima de Luna (Oro Verde), el Municipio de Oro Verde junto a su museo Conrado Hasenauer y la colaboraci\u00f3n de la Red de Museos Pedag\u00f3gicos de la FHAyCS-UADER en el montaje de la exposici\u00f3n.<\/p>\n\n\n\n<p>Adem\u00e1s, se reunir\u00e1 la Asociaci\u00f3n que tiene por objetivo trabajar de manera colectiva a los fines en la difusi\u00f3n del oficio, preservaci\u00f3n de las t\u00e9cnicas y ense\u00f1anza de este arte que tiene una gran historia en la regi\u00f3n.<\/p>\n\n\n\n<p><\/p>\n","protected":false},"excerpt":{"rendered":"<p>Plateros de toda la provincia se reunir\u00e1n este fin de semana en la d\u00e9cima edici\u00f3n del Encuentro Regional de Plateros que se realizar\u00e1 el 15 y 16 de noviembre en&#8230;<\/p>\n","protected":false},"author":1,"featured_media":630587,"comment_status":"open","ping_status":"closed","sticky":false,"template":"","format":"standard","meta":{"_eb_attr":"","footnotes":""},"categories":[36],"tags":[],"class_list":["post-630586","post","type-post","status-publish","format-standard","has-post-thumbnail","hentry","category-eventos","wpcat-36-id"],"_links":{"self":[{"href":"https:\/\/www.oroverde.com.ar\/web\/wp-json\/wp\/v2\/posts\/630586","targetHints":{"allow":["GET"]}}],"collection":[{"href":"https:\/\/www.oroverde.com.ar\/web\/wp-json\/wp\/v2\/posts"}],"about":[{"href":"https:\/\/www.oroverde.com.ar\/web\/wp-json\/wp\/v2\/types\/post"}],"author":[{"embeddable":true,"href":"https:\/\/www.oroverde.com.ar\/web\/wp-json\/wp\/v2\/users\/1"}],"replies":[{"embeddable":true,"href":"https:\/\/www.oroverde.com.ar\/web\/wp-json\/wp\/v2\/comments?post=630586"}],"version-history":[{"count":1,"href":"https:\/\/www.oroverde.com.ar\/web\/wp-json\/wp\/v2\/posts\/630586\/revisions"}],"predecessor-version":[{"id":630588,"href":"https:\/\/www.oroverde.com.ar\/web\/wp-json\/wp\/v2\/posts\/630586\/revisions\/630588"}],"wp:featuredmedia":[{"embeddable":true,"href":"https:\/\/www.oroverde.com.ar\/web\/wp-json\/wp\/v2\/media\/630587"}],"wp:attachment":[{"href":"https:\/\/www.oroverde.com.ar\/web\/wp-json\/wp\/v2\/media?parent=630586"}],"wp:term":[{"taxonomy":"category","embeddable":true,"href":"https:\/\/www.oroverde.com.ar\/web\/wp-json\/wp\/v2\/categories?post=630586"},{"taxonomy":"post_tag","embeddable":true,"href":"https:\/\/www.oroverde.com.ar\/web\/wp-json\/wp\/v2\/tags?post=630586"}],"curies":[{"name":"wp","href":"https:\/\/api.w.org\/{rel}","templated":true}]}}