{"id":630592,"date":"2025-11-18T09:16:18","date_gmt":"2025-11-18T12:16:18","guid":{"rendered":"https:\/\/www.oroverde.com.ar\/web\/?p=630592"},"modified":"2025-11-19T10:02:35","modified_gmt":"2025-11-19T13:02:35","slug":"edicion-2025-de-la-feria-navidena-regala-local","status":"publish","type":"post","link":"https:\/\/www.oroverde.com.ar\/web\/edicion-2025-de-la-feria-navidena-regala-local\/","title":{"rendered":"Edici\u00f3n 2025 de la feria navide\u00f1a \u201cRegal\u00e1 local\u201d"},"content":{"rendered":"\n<p>Habr\u00e1 una nueva edici\u00f3n de la Feria Navide\u00f1a \u00abRegal\u00e1 Local\u00bb. Ser\u00e1 en calle Los Jacarandaes desde Av. Intendente Del Castillo hasta Los Jilgueros, y Av. Intendente del Castillo hacia Los Sauces, y hacia Av. Los Cha\u00f1ares. En esta ocasi\u00f3n ser\u00e1 el 20 de diciembre a partir de las 20 hs y 21 de diciembre desde las 18 hs.<\/p>\n\n\n\n<p>Estos tramos de las calles se transformar\u00e1n en peatonal, los negocios ubicados all\u00ed estar\u00e1n abiertos y se instalar\u00e1n diferentes puestos de venta de vecinos que tengan emprendimientos, showroom, o ganas de vender la producci\u00f3n propia.<\/p>\n\n\n\n<p>El acceso para quienes deseen participar es gratuito y SOLO PUEDEN HACERLO QUIENES REALICEN LA ACTIVIDAD COMERCIAL EN ORO VERDE.<\/p>\n\n\n\n<p>En la feria los vecinos podr\u00e1n encontrar todo lo necesario para estas fiestas, que tendr\u00e1n diversas ofertas y promociones para las compras.<\/p>\n\n\n\n<p>Al respecto de la iniciativa el intendente C\u00e9sar Clement afirm\u00f3: \u00abconsideramos que es una forma para impulsar a los negocios, emprendimientos y econom\u00edas familiares de cara a las fiestas, priorizando a quienes viven o tienen su actividad econ\u00f3mica en Oro Verde. Esperamos que cada vez sean m\u00e1s las personas que se sumen a esta propuesta, porque hay mucha expectativa\u00bb.<\/p>\n\n\n\n<p>Para formar parte los comercios que no se ubiquen en esta calle y quieran participar (no podr\u00e1n hacerlo con comidas, ni bebidas) deber\u00e1n inscribirse hasta el 10 de diciembre&nbsp; mediante este formulario: <a href=\"https:\/\/forms.gle\/goL1z6PeVrYtEG6F6\" target=\"_blank\" rel=\"noreferrer noopener\">https:\/\/forms.gle\/goL1z6PeVrYtEG6F6<\/a><\/p>\n\n\n\n<p><\/p>\n","protected":false},"excerpt":{"rendered":"<p>Habr\u00e1 una nueva edici\u00f3n de la Feria Navide\u00f1a \u00abRegal\u00e1 Local\u00bb. Ser\u00e1 en calle Los Jacarandaes desde Av. Intendente Del Castillo hasta Los Jilgueros, y Av. Intendente del Castillo hacia Los&#8230;<\/p>\n","protected":false},"author":1,"featured_media":630593,"comment_status":"open","ping_status":"closed","sticky":false,"template":"","format":"standard","meta":{"_eb_attr":"","footnotes":""},"categories":[215],"tags":[],"class_list":["post-630592","post","type-post","status-publish","format-standard","has-post-thumbnail","hentry","category-feria","wpcat-215-id"],"_links":{"self":[{"href":"https:\/\/www.oroverde.com.ar\/web\/wp-json\/wp\/v2\/posts\/630592","targetHints":{"allow":["GET"]}}],"collection":[{"href":"https:\/\/www.oroverde.com.ar\/web\/wp-json\/wp\/v2\/posts"}],"about":[{"href":"https:\/\/www.oroverde.com.ar\/web\/wp-json\/wp\/v2\/types\/post"}],"author":[{"embeddable":true,"href":"https:\/\/www.oroverde.com.ar\/web\/wp-json\/wp\/v2\/users\/1"}],"replies":[{"embeddable":true,"href":"https:\/\/www.oroverde.com.ar\/web\/wp-json\/wp\/v2\/comments?post=630592"}],"version-history":[{"count":1,"href":"https:\/\/www.oroverde.com.ar\/web\/wp-json\/wp\/v2\/posts\/630592\/revisions"}],"predecessor-version":[{"id":630594,"href":"https:\/\/www.oroverde.com.ar\/web\/wp-json\/wp\/v2\/posts\/630592\/revisions\/630594"}],"wp:featuredmedia":[{"embeddable":true,"href":"https:\/\/www.oroverde.com.ar\/web\/wp-json\/wp\/v2\/media\/630593"}],"wp:attachment":[{"href":"https:\/\/www.oroverde.com.ar\/web\/wp-json\/wp\/v2\/media?parent=630592"}],"wp:term":[{"taxonomy":"category","embeddable":true,"href":"https:\/\/www.oroverde.com.ar\/web\/wp-json\/wp\/v2\/categories?post=630592"},{"taxonomy":"post_tag","embeddable":true,"href":"https:\/\/www.oroverde.com.ar\/web\/wp-json\/wp\/v2\/tags?post=630592"}],"curies":[{"name":"wp","href":"https:\/\/api.w.org\/{rel}","templated":true}]}}