{"id":630623,"date":"2025-11-26T08:40:11","date_gmt":"2025-11-26T11:40:11","guid":{"rendered":"https:\/\/www.oroverde.com.ar\/web\/?p=630623"},"modified":"2025-11-28T08:59:35","modified_gmt":"2025-11-28T11:59:35","slug":"nos-preparamos-para-la-navidad-con-diferentes-talleres-gratuitos","status":"publish","type":"post","link":"https:\/\/www.oroverde.com.ar\/web\/nos-preparamos-para-la-navidad-con-diferentes-talleres-gratuitos\/","title":{"rendered":"Nos preparamos para la Navidad con diferentes talleres gratuitos:"},"content":{"rendered":"\n<p>Taller de creaci\u00f3n de adornos navide\u00f1os<\/p>\n\n\n\n<p>Las fiestas se acercan y ya podemos prepararnos para tener todo listo para la ocasi\u00f3n. En el taller de adornos navide\u00f1os la artesana Silvina \u201cCaro\u201d Scipioni compartir\u00e1 sus conocimientos y quienes asistan realizar\u00e1n adornos para esta navidad utilizando distintos materiales. Ser\u00e1 el mi\u00e9rcoles 3 de diciembre en el Centro Integrador Comunitario (Av. Los Cha\u00f1ares 397) de 17 a 19 hs.<\/p>\n\n\n\n<p>Cupo limitado. Inscripciones a trav\u00e9s de este link: <a href=\"https:\/\/forms.gle\/XGgW1LKgJAj2HdURA\" target=\"_blank\" rel=\"noreferrer noopener\">https:\/\/forms.gle\/XGgW1LKgJAj2HdURA<\/a>&nbsp;<\/p>\n\n\n\n<p>Taller de comida navide\u00f1a casera en versi\u00f3n salada<\/p>\n\n\n\n<p>En este encuentro cocinar\u00e1n preparaciones navide\u00f1as saladas y estar\u00e1 a cargo de la profesora Noelia Brondani. Ser\u00e1 el mi\u00e9rcoles 10 de diciembre a las 16 hs en el Centro Integrador Comunitario (Av. Los Cha\u00f1ares 397).<\/p>\n\n\n\n<p>Cupo limitado. Inscripciones a trav\u00e9s de este link: <a href=\"https:\/\/forms.gle\/5fzfFmmpAHXP7Q2j8\" target=\"_blank\" rel=\"noreferrer noopener\">https:\/\/forms.gle\/5fzfFmmpAHXP7Q2j8<\/a><\/p>\n\n\n\n<p>Taller de comida navide\u00f1a casera en versi\u00f3n dulce<\/p>\n\n\n\n<p>Tambi\u00e9n estar\u00e1 la posibilidad de aprender a hacer preparaciones dulces para estas fiestas, tambi\u00e9n a cargo de la profesora Noelia Brandoni. Ser\u00e1 el mi\u00e9rcoles 17 de diciembre a las 16 hs en el Centro Integrador Comunitario (Av. Los Cha\u00f1ares 397).<\/p>\n\n\n\n<p>Cupo limitado. Inscripciones a trav\u00e9s de este link: <a href=\"https:\/\/forms.gle\/ADcdMwpGYDPc5MMT8\" target=\"_blank\" rel=\"noreferrer noopener\">https:\/\/forms.gle\/ADcdMwpGYDPc5MMT8<\/a>&nbsp;<\/p>\n\n\n\n<p>Para ninguno de estos talleres es necesario llevar material.<\/p>\n\n\n\n<figure class=\"wp-block-image size-large\"><img fetchpriority=\"high\" decoding=\"async\" width=\"1024\" height=\"1024\" src=\"https:\/\/www.oroverde.com.ar\/web\/wp-content\/uploads\/2025\/11\/Taller-de-comida-version-salada-1024x1024.jpeg\" alt=\"\" class=\"wp-image-630625\" srcset=\"https:\/\/www.oroverde.com.ar\/web\/wp-content\/uploads\/2025\/11\/Taller-de-comida-version-salada-1024x1024.jpeg 1024w, https:\/\/www.oroverde.com.ar\/web\/wp-content\/uploads\/2025\/11\/Taller-de-comida-version-salada-300x300.jpeg 300w, https:\/\/www.oroverde.com.ar\/web\/wp-content\/uploads\/2025\/11\/Taller-de-comida-version-salada-150x150.jpeg 150w, https:\/\/www.oroverde.com.ar\/web\/wp-content\/uploads\/2025\/11\/Taller-de-comida-version-salada-768x768.jpeg 768w, https:\/\/www.oroverde.com.ar\/web\/wp-content\/uploads\/2025\/11\/Taller-de-comida-version-salada-850x850.jpeg 850w, https:\/\/www.oroverde.com.ar\/web\/wp-content\/uploads\/2025\/11\/Taller-de-comida-version-salada-100x100.jpeg 100w, https:\/\/www.oroverde.com.ar\/web\/wp-content\/uploads\/2025\/11\/Taller-de-comida-version-salada.jpeg 1080w\" sizes=\"(max-width: 1024px) 100vw, 1024px\" \/><\/figure>\n\n\n\n<figure class=\"wp-block-image size-large\"><img decoding=\"async\" width=\"1024\" height=\"1024\" src=\"https:\/\/www.oroverde.com.ar\/web\/wp-content\/uploads\/2025\/11\/Taller-de-comida-version-dulce-1024x1024.jpeg\" alt=\"\" class=\"wp-image-630626\" srcset=\"https:\/\/www.oroverde.com.ar\/web\/wp-content\/uploads\/2025\/11\/Taller-de-comida-version-dulce-1024x1024.jpeg 1024w, https:\/\/www.oroverde.com.ar\/web\/wp-content\/uploads\/2025\/11\/Taller-de-comida-version-dulce-300x300.jpeg 300w, https:\/\/www.oroverde.com.ar\/web\/wp-content\/uploads\/2025\/11\/Taller-de-comida-version-dulce-150x150.jpeg 150w, https:\/\/www.oroverde.com.ar\/web\/wp-content\/uploads\/2025\/11\/Taller-de-comida-version-dulce-768x768.jpeg 768w, https:\/\/www.oroverde.com.ar\/web\/wp-content\/uploads\/2025\/11\/Taller-de-comida-version-dulce-850x850.jpeg 850w, https:\/\/www.oroverde.com.ar\/web\/wp-content\/uploads\/2025\/11\/Taller-de-comida-version-dulce-100x100.jpeg 100w, https:\/\/www.oroverde.com.ar\/web\/wp-content\/uploads\/2025\/11\/Taller-de-comida-version-dulce.jpeg 1080w\" sizes=\"(max-width: 1024px) 100vw, 1024px\" \/><\/figure>\n","protected":false},"excerpt":{"rendered":"<p>Taller de creaci\u00f3n de adornos navide\u00f1os Las fiestas se acercan y ya podemos prepararnos para tener todo listo para la ocasi\u00f3n. En el taller de adornos navide\u00f1os la artesana Silvina&#8230;<\/p>\n","protected":false},"author":1,"featured_media":630624,"comment_status":"open","ping_status":"closed","sticky":false,"template":"","format":"standard","meta":{"_eb_attr":"","footnotes":""},"categories":[35],"tags":[],"class_list":["post-630623","post","type-post","status-publish","format-standard","has-post-thumbnail","hentry","category-talleres","wpcat-35-id"],"_links":{"self":[{"href":"https:\/\/www.oroverde.com.ar\/web\/wp-json\/wp\/v2\/posts\/630623","targetHints":{"allow":["GET"]}}],"collection":[{"href":"https:\/\/www.oroverde.com.ar\/web\/wp-json\/wp\/v2\/posts"}],"about":[{"href":"https:\/\/www.oroverde.com.ar\/web\/wp-json\/wp\/v2\/types\/post"}],"author":[{"embeddable":true,"href":"https:\/\/www.oroverde.com.ar\/web\/wp-json\/wp\/v2\/users\/1"}],"replies":[{"embeddable":true,"href":"https:\/\/www.oroverde.com.ar\/web\/wp-json\/wp\/v2\/comments?post=630623"}],"version-history":[{"count":1,"href":"https:\/\/www.oroverde.com.ar\/web\/wp-json\/wp\/v2\/posts\/630623\/revisions"}],"predecessor-version":[{"id":630627,"href":"https:\/\/www.oroverde.com.ar\/web\/wp-json\/wp\/v2\/posts\/630623\/revisions\/630627"}],"wp:featuredmedia":[{"embeddable":true,"href":"https:\/\/www.oroverde.com.ar\/web\/wp-json\/wp\/v2\/media\/630624"}],"wp:attachment":[{"href":"https:\/\/www.oroverde.com.ar\/web\/wp-json\/wp\/v2\/media?parent=630623"}],"wp:term":[{"taxonomy":"category","embeddable":true,"href":"https:\/\/www.oroverde.com.ar\/web\/wp-json\/wp\/v2\/categories?post=630623"},{"taxonomy":"post_tag","embeddable":true,"href":"https:\/\/www.oroverde.com.ar\/web\/wp-json\/wp\/v2\/tags?post=630623"}],"curies":[{"name":"wp","href":"https:\/\/api.w.org\/{rel}","templated":true}]}}