{"id":630681,"date":"2025-12-03T10:09:37","date_gmt":"2025-12-03T13:09:37","guid":{"rendered":"https:\/\/www.oroverde.com.ar\/web\/?p=630681"},"modified":"2025-12-05T10:14:11","modified_gmt":"2025-12-05T13:14:11","slug":"nueva-capacitacion-para-obtener-el-carnet-de-manipulador-de-alimentos-8","status":"publish","type":"post","link":"https:\/\/www.oroverde.com.ar\/web\/nueva-capacitacion-para-obtener-el-carnet-de-manipulador-de-alimentos-8\/","title":{"rendered":"Nueva capacitaci\u00f3n para obtener el Carnet de Manipulador de Alimentos"},"content":{"rendered":"\n<p>El mi\u00e9rcoles 10 de diciembre se realizar\u00e1 una nueva capacitaci\u00f3n para obtener el carnet de manipulador de alimentos. Ser\u00e1 de 14 a 17 hs en el Sal\u00f3n Auditorio del Concejo Deliberante local, ubicado en Los Canarios 391.<\/p>\n\n\n\n<p>Es con cupo limitado y las inscripciones se realizan ingresando a este link: <a href=\"https:\/\/forms.gle\/rXyo2ya7xbVJb3Xn8\" target=\"_blank\" rel=\"noreferrer noopener\">https:\/\/forms.gle\/rXyo2ya7xbVJb3Xn8<\/a>&nbsp;<\/p>\n\n\n\n<p>\u00bfCu\u00e1les son las funciones del carnet?<\/p>\n\n\n\n<p>* Acredita la capacitaci\u00f3n obligatoria del manipulador de alimentos.<\/p>\n\n\n\n<p>* Garantiza que la persona conoce y aplica Buenas Pr\u00e1cticas de Higiene.<\/p>\n\n\n\n<p>* Reduce riesgos de Enfermedades Transmitidas por Alimentos (ETA).<\/p>\n\n\n\n<p>* Es requisito indispensable para trabajar en cualquier establecimiento alimentario.<\/p>\n\n\n\n<p>* Tiene validez nacional y una duraci\u00f3n de 3 a\u00f1os.<\/p>\n\n\n\n<p>El carnet asegura que el manipulador entiende conceptos fundamentales como higiene personal, control de temperaturas, limpieza y desinfecci\u00f3n, prevenci\u00f3n de contaminaci\u00f3n cruzada, manejo de residuos y conservaci\u00f3n adecuada de los alimentos. Esto protege la salud p\u00fablica y garantiza la inocuidad de los productos alimentarios.<\/p>\n\n\n\n<p>Puede retirarse de lunes a viernes de 7 a 13 hs en el \u00e1rea de Bromatolog\u00eda (calle Los Ceibos) a partir de los 30 d\u00edas de haber realizado la capacitaci\u00f3n.<\/p>\n\n\n\n<p><\/p>\n","protected":false},"excerpt":{"rendered":"<p>El mi\u00e9rcoles 10 de diciembre se realizar\u00e1 una nueva capacitaci\u00f3n para obtener el carnet de manipulador de alimentos. Ser\u00e1 de 14 a 17 hs en el Sal\u00f3n Auditorio del Concejo&#8230;<\/p>\n","protected":false},"author":1,"featured_media":630682,"comment_status":"open","ping_status":"closed","sticky":false,"template":"","format":"standard","meta":{"_eb_attr":"","footnotes":""},"categories":[205],"tags":[],"class_list":["post-630681","post","type-post","status-publish","format-standard","has-post-thumbnail","hentry","category-capacitacion","wpcat-205-id"],"_links":{"self":[{"href":"https:\/\/www.oroverde.com.ar\/web\/wp-json\/wp\/v2\/posts\/630681","targetHints":{"allow":["GET"]}}],"collection":[{"href":"https:\/\/www.oroverde.com.ar\/web\/wp-json\/wp\/v2\/posts"}],"about":[{"href":"https:\/\/www.oroverde.com.ar\/web\/wp-json\/wp\/v2\/types\/post"}],"author":[{"embeddable":true,"href":"https:\/\/www.oroverde.com.ar\/web\/wp-json\/wp\/v2\/users\/1"}],"replies":[{"embeddable":true,"href":"https:\/\/www.oroverde.com.ar\/web\/wp-json\/wp\/v2\/comments?post=630681"}],"version-history":[{"count":1,"href":"https:\/\/www.oroverde.com.ar\/web\/wp-json\/wp\/v2\/posts\/630681\/revisions"}],"predecessor-version":[{"id":630683,"href":"https:\/\/www.oroverde.com.ar\/web\/wp-json\/wp\/v2\/posts\/630681\/revisions\/630683"}],"wp:featuredmedia":[{"embeddable":true,"href":"https:\/\/www.oroverde.com.ar\/web\/wp-json\/wp\/v2\/media\/630682"}],"wp:attachment":[{"href":"https:\/\/www.oroverde.com.ar\/web\/wp-json\/wp\/v2\/media?parent=630681"}],"wp:term":[{"taxonomy":"category","embeddable":true,"href":"https:\/\/www.oroverde.com.ar\/web\/wp-json\/wp\/v2\/categories?post=630681"},{"taxonomy":"post_tag","embeddable":true,"href":"https:\/\/www.oroverde.com.ar\/web\/wp-json\/wp\/v2\/tags?post=630681"}],"curies":[{"name":"wp","href":"https:\/\/api.w.org\/{rel}","templated":true}]}}