{"id":630805,"date":"2025-12-29T08:14:25","date_gmt":"2025-12-29T11:14:25","guid":{"rendered":"https:\/\/www.oroverde.com.ar\/web\/?p=630805"},"modified":"2025-12-31T08:54:20","modified_gmt":"2025-12-31T11:54:20","slug":"oro-verde-reconocio-al-deporte-local","status":"publish","type":"post","link":"https:\/\/www.oroverde.com.ar\/web\/oro-verde-reconocio-al-deporte-local\/","title":{"rendered":"Oro Verde reconoci\u00f3 al deporte local"},"content":{"rendered":"\n<p>Una nueva edici\u00f3n de la Fiesta del Deporte se vivi\u00f3 el viernes pasado en el play\u00f3n del Polideportivo municipal. All\u00ed, el \u00e1rea de Deporte, Recreaci\u00f3n y Turismo local, encabezada por Marcelo Barreto, organiz\u00f3 junto al CEF local esta noche en la que premiaron a los exponentes de todas las disciplinas.<\/p>\n\n\n\n<p>Reconocieron individualmente a deportistas destacados con una gran presencia de las familias oroverdenses que pudieron compartir momentos emotivos apoyando a los atletas.&nbsp; Al cierre de esta fiesta acompa\u00f1\u00f3 la m\u00fasica de Peg\u00f3 en el Palo.<\/p>\n\n\n\n<p>Estuvo presente el intendente C\u00e9sar Clement, la viceintendenta Mercedes Schvindt, los concejales Amelia Gerstner, Oscar Ocampo, Rosana Cappellacci, Ernesto Roth y Ver\u00f3nica Mi\u00f1o junto a p\u00fablico en general y dirigentes de distintas instituciones deportivas.<\/p>\n\n\n\n<p>Adem\u00e1s, hubo entrega de presentes para el presidente municipal y el responsable del \u00e1rea de Deportes.<\/p>\n\n\n\n<p><\/p>\n","protected":false},"excerpt":{"rendered":"<p>Una nueva edici\u00f3n de la Fiesta del Deporte se vivi\u00f3 el viernes pasado en el play\u00f3n del Polideportivo municipal. All\u00ed, el \u00e1rea de Deporte, Recreaci\u00f3n y Turismo local, encabezada por&#8230;<\/p>\n","protected":false},"author":1,"featured_media":630806,"comment_status":"open","ping_status":"closed","sticky":false,"template":"","format":"standard","meta":{"_eb_attr":"","footnotes":""},"categories":[216],"tags":[],"class_list":["post-630805","post","type-post","status-publish","format-standard","has-post-thumbnail","hentry","category-festejos","wpcat-216-id"],"_links":{"self":[{"href":"https:\/\/www.oroverde.com.ar\/web\/wp-json\/wp\/v2\/posts\/630805","targetHints":{"allow":["GET"]}}],"collection":[{"href":"https:\/\/www.oroverde.com.ar\/web\/wp-json\/wp\/v2\/posts"}],"about":[{"href":"https:\/\/www.oroverde.com.ar\/web\/wp-json\/wp\/v2\/types\/post"}],"author":[{"embeddable":true,"href":"https:\/\/www.oroverde.com.ar\/web\/wp-json\/wp\/v2\/users\/1"}],"replies":[{"embeddable":true,"href":"https:\/\/www.oroverde.com.ar\/web\/wp-json\/wp\/v2\/comments?post=630805"}],"version-history":[{"count":1,"href":"https:\/\/www.oroverde.com.ar\/web\/wp-json\/wp\/v2\/posts\/630805\/revisions"}],"predecessor-version":[{"id":630807,"href":"https:\/\/www.oroverde.com.ar\/web\/wp-json\/wp\/v2\/posts\/630805\/revisions\/630807"}],"wp:featuredmedia":[{"embeddable":true,"href":"https:\/\/www.oroverde.com.ar\/web\/wp-json\/wp\/v2\/media\/630806"}],"wp:attachment":[{"href":"https:\/\/www.oroverde.com.ar\/web\/wp-json\/wp\/v2\/media?parent=630805"}],"wp:term":[{"taxonomy":"category","embeddable":true,"href":"https:\/\/www.oroverde.com.ar\/web\/wp-json\/wp\/v2\/categories?post=630805"},{"taxonomy":"post_tag","embeddable":true,"href":"https:\/\/www.oroverde.com.ar\/web\/wp-json\/wp\/v2\/tags?post=630805"}],"curies":[{"name":"wp","href":"https:\/\/api.w.org\/{rel}","templated":true}]}}