{"id":630826,"date":"2026-01-05T10:22:43","date_gmt":"2026-01-05T13:22:43","guid":{"rendered":"https:\/\/www.oroverde.com.ar\/web\/?p=630826"},"modified":"2026-01-07T10:24:47","modified_gmt":"2026-01-07T13:24:47","slug":"nueva-edicion-de-oro-verde-canta-y-baila-2","status":"publish","type":"post","link":"https:\/\/www.oroverde.com.ar\/web\/nueva-edicion-de-oro-verde-canta-y-baila-2\/","title":{"rendered":"Nueva edici\u00f3n de Oro Verde Canta y Baila"},"content":{"rendered":"\n<p>El 14 de febrero se realizar\u00e1 una nueva edici\u00f3n de Oro Verde Canta y Baila en el predio Multieventos, con apertura del escenario principal a las 21 h. El evento contar\u00e1 con reconocidos artistas de la cumbia santafesina, ballets, m\u00fasicos locales y los ganadores del certamen de baile.<br>Habr\u00e1 propuesta gastron\u00f3mica a cargo de instituciones locales y stands de feriantes y emprendedores.<br>Las entradas anticipadas online estar\u00e1n disponibles en breve, con valores diferenciados para residentes y no residentes. Jubilados oroverdenses, personas con discapacidad y menores de 12 a\u00f1os tendr\u00e1n acceso gratuito.<br>El certamen de baile se realizar\u00e1 el 7 de febrero y los ganadores se presentar\u00e1n en la noche principal.<\/p>\n\n\n\n<p><\/p>\n","protected":false},"excerpt":{"rendered":"<p>El 14 de febrero se realizar\u00e1 una nueva edici\u00f3n de Oro Verde Canta y Baila en el predio Multieventos, con apertura del escenario principal a las 21 h. El evento&#8230;<\/p>\n","protected":false},"author":1,"featured_media":630827,"comment_status":"open","ping_status":"closed","sticky":false,"template":"","format":"standard","meta":{"_eb_attr":"","footnotes":""},"categories":[36],"tags":[],"class_list":["post-630826","post","type-post","status-publish","format-standard","has-post-thumbnail","hentry","category-eventos","wpcat-36-id"],"_links":{"self":[{"href":"https:\/\/www.oroverde.com.ar\/web\/wp-json\/wp\/v2\/posts\/630826","targetHints":{"allow":["GET"]}}],"collection":[{"href":"https:\/\/www.oroverde.com.ar\/web\/wp-json\/wp\/v2\/posts"}],"about":[{"href":"https:\/\/www.oroverde.com.ar\/web\/wp-json\/wp\/v2\/types\/post"}],"author":[{"embeddable":true,"href":"https:\/\/www.oroverde.com.ar\/web\/wp-json\/wp\/v2\/users\/1"}],"replies":[{"embeddable":true,"href":"https:\/\/www.oroverde.com.ar\/web\/wp-json\/wp\/v2\/comments?post=630826"}],"version-history":[{"count":1,"href":"https:\/\/www.oroverde.com.ar\/web\/wp-json\/wp\/v2\/posts\/630826\/revisions"}],"predecessor-version":[{"id":630828,"href":"https:\/\/www.oroverde.com.ar\/web\/wp-json\/wp\/v2\/posts\/630826\/revisions\/630828"}],"wp:featuredmedia":[{"embeddable":true,"href":"https:\/\/www.oroverde.com.ar\/web\/wp-json\/wp\/v2\/media\/630827"}],"wp:attachment":[{"href":"https:\/\/www.oroverde.com.ar\/web\/wp-json\/wp\/v2\/media?parent=630826"}],"wp:term":[{"taxonomy":"category","embeddable":true,"href":"https:\/\/www.oroverde.com.ar\/web\/wp-json\/wp\/v2\/categories?post=630826"},{"taxonomy":"post_tag","embeddable":true,"href":"https:\/\/www.oroverde.com.ar\/web\/wp-json\/wp\/v2\/tags?post=630826"}],"curies":[{"name":"wp","href":"https:\/\/api.w.org\/{rel}","templated":true}]}}