{"id":630848,"date":"2026-01-19T11:13:27","date_gmt":"2026-01-19T14:13:27","guid":{"rendered":"https:\/\/www.oroverde.com.ar\/web\/?p=630848"},"modified":"2026-01-21T11:16:22","modified_gmt":"2026-01-21T14:16:22","slug":"certamen-de-danzas-folcloricas-de-oro-verde-canta-y-baila-presentacion-del-jurado","status":"publish","type":"post","link":"https:\/\/www.oroverde.com.ar\/web\/certamen-de-danzas-folcloricas-de-oro-verde-canta-y-baila-presentacion-del-jurado\/","title":{"rendered":"Certamen de Danzas Folcl\u00f3ricas de Oro Verde Canta y baila: presentaci\u00f3n del jurado"},"content":{"rendered":"\n<p>La edici\u00f3n 2026 de la fiesta Oro Verde Canta y Baila tendr\u00e1 un Certamen de Danzas folkl\u00f3ricas en la que artistas de toda la provincia podr\u00e1n competir para ser parte del escenario principal y premios en efectivo.<\/p>\n\n\n\n<p>La cita es el 7 de febrero desde las 19 hs. en el Polideportivo Municipal ubicado en Las Golondrinas y Los Sauces.<\/p>\n\n\n\n<p>Un destacado jurado ser\u00e1 el encargado de elegir a los bailarines y bailarinas premiados en dos categor\u00edas: conjunto de baile folkl\u00f3rico &#8211; tradicional o estilizado y pareja de baile folkl\u00f3rico &#8211; tradicional o estilizado. Los presentamos.<\/p>\n\n\n\n<p>Romina C\u00e1ceres<\/p>\n\n\n\n<p>T\u00e9cnica en Danzas Tradicionales Argentinas. Ganadora Pareja de baile y conjunto Laborde 2016, Pareja nacional y del Mercosur de Chamam\u00e9 2016, Pareja tradicional Cosqu\u00edn 2017, Pareja nacional de baile litorale\u00f1o 2018. Jurado t\u00e9cnico en cert\u00e1menes Pre Laborde, Pre Cosqu\u00edn entre otros a nivel nacional.<\/p>\n\n\n\n<p>Soledad Ram\u00edrez<\/p>\n\n\n\n<p>Lic. En folklore de la Universidad Nacional de las Artes, gestora cultural, docente, core\u00f3grafa y bailarina. Con experiencia en compa\u00f1\u00edas de Buenos Aires y Entre R\u00edos.<\/p>\n\n\n\n<p>Campeona Nacional de baile Litorale\u00f1o, Gessler 2025, de Rasguido doble, San Carlos 2025. Representante de la Provincia de Entre R\u00edos en el Festival Nacional de Malambo, Laborde 2026- pareja de danza.<\/p>\n\n\n\n<p>Rodrigo Penco&nbsp;<\/p>\n\n\n\n<p>Profesor de Danzas Folkl\u00f3ricas IDAF (Desde el 2005). Secretario de Extensi\u00f3n y Cultura FCA UNER (Desde el 2018). Coordinador del Taller de Folklore de la FCA UNER (Desde 2017) y secretario de extensi\u00f3n de esa casa de altos estudios.<\/p>\n\n\n\n<p>Inscripci\u00f3n al concurso: por medio de un formulario digital en el siguiente enlace <a href=\"https:\/\/forms.gle\/poEvvTCKq2sDBrgy6\" target=\"_blank\" rel=\"noreferrer noopener\">https:\/\/forms.gle\/poEvvTCKq2sDBrgy6<\/a><\/p>\n\n\n\n<p>Premio:<\/p>\n\n\n\n<p>Presentaci\u00f3n en el Festival Oro verde canta y baila- 2026, el 14 de febrero<\/p>\n\n\n\n<p>Pareja de danza folkl\u00f3rica\u2014$120.000&nbsp;&nbsp;&nbsp;&nbsp;&nbsp;&nbsp;&nbsp;&nbsp;&nbsp;&nbsp;&nbsp;&nbsp;&nbsp;&nbsp;&nbsp;&nbsp;&nbsp;&nbsp;&nbsp;&nbsp;<\/p>\n\n\n\n<p>Conjunto de danza folkl\u00f3rica\u2014$250.000<\/p>\n\n\n\n<p>Reglamento en este enlace <a href=\"https:\/\/goo.su\/sraT\" target=\"_blank\" rel=\"noreferrer noopener\">https:\/\/goo.su\/sraT<\/a><\/p>\n\n\n\n<p>Por consultas: <a href=\"mailto:certamenoroverdecantaybaila@gmail.com\" target=\"_blank\" rel=\"noreferrer noopener\">certamenoroverdecantaybaila@gmail.com<\/a><\/p>\n\n\n\n<figure class=\"wp-block-image size-large\"><img fetchpriority=\"high\" decoding=\"async\" width=\"1024\" height=\"1024\" src=\"https:\/\/www.oroverde.com.ar\/web\/wp-content\/uploads\/2026\/01\/Soledad-R-1024x1024.jpg\" alt=\"\" class=\"wp-image-630850\" srcset=\"https:\/\/www.oroverde.com.ar\/web\/wp-content\/uploads\/2026\/01\/Soledad-R-1024x1024.jpg 1024w, https:\/\/www.oroverde.com.ar\/web\/wp-content\/uploads\/2026\/01\/Soledad-R-300x300.jpg 300w, https:\/\/www.oroverde.com.ar\/web\/wp-content\/uploads\/2026\/01\/Soledad-R-150x150.jpg 150w, https:\/\/www.oroverde.com.ar\/web\/wp-content\/uploads\/2026\/01\/Soledad-R-768x768.jpg 768w, https:\/\/www.oroverde.com.ar\/web\/wp-content\/uploads\/2026\/01\/Soledad-R-850x850.jpg 850w, https:\/\/www.oroverde.com.ar\/web\/wp-content\/uploads\/2026\/01\/Soledad-R-100x100.jpg 100w, https:\/\/www.oroverde.com.ar\/web\/wp-content\/uploads\/2026\/01\/Soledad-R.jpg 1080w\" sizes=\"(max-width: 1024px) 100vw, 1024px\" \/><\/figure>\n\n\n\n<figure class=\"wp-block-image size-large\"><img decoding=\"async\" width=\"1024\" height=\"1024\" src=\"https:\/\/www.oroverde.com.ar\/web\/wp-content\/uploads\/2026\/01\/Rodrigo-P-1024x1024.jpg\" alt=\"\" class=\"wp-image-630851\" srcset=\"https:\/\/www.oroverde.com.ar\/web\/wp-content\/uploads\/2026\/01\/Rodrigo-P-1024x1024.jpg 1024w, https:\/\/www.oroverde.com.ar\/web\/wp-content\/uploads\/2026\/01\/Rodrigo-P-300x300.jpg 300w, https:\/\/www.oroverde.com.ar\/web\/wp-content\/uploads\/2026\/01\/Rodrigo-P-150x150.jpg 150w, https:\/\/www.oroverde.com.ar\/web\/wp-content\/uploads\/2026\/01\/Rodrigo-P-768x768.jpg 768w, https:\/\/www.oroverde.com.ar\/web\/wp-content\/uploads\/2026\/01\/Rodrigo-P-850x850.jpg 850w, https:\/\/www.oroverde.com.ar\/web\/wp-content\/uploads\/2026\/01\/Rodrigo-P-100x100.jpg 100w, https:\/\/www.oroverde.com.ar\/web\/wp-content\/uploads\/2026\/01\/Rodrigo-P.jpg 1080w\" sizes=\"(max-width: 1024px) 100vw, 1024px\" \/><\/figure>\n","protected":false},"excerpt":{"rendered":"<p>La edici\u00f3n 2026 de la fiesta Oro Verde Canta y Baila tendr\u00e1 un Certamen de Danzas folkl\u00f3ricas en la que artistas de toda la provincia podr\u00e1n competir para ser parte&#8230;<\/p>\n","protected":false},"author":1,"featured_media":630849,"comment_status":"open","ping_status":"closed","sticky":false,"template":"","format":"standard","meta":{"_eb_attr":"","footnotes":""},"categories":[36],"tags":[],"class_list":["post-630848","post","type-post","status-publish","format-standard","has-post-thumbnail","hentry","category-eventos","wpcat-36-id"],"_links":{"self":[{"href":"https:\/\/www.oroverde.com.ar\/web\/wp-json\/wp\/v2\/posts\/630848","targetHints":{"allow":["GET"]}}],"collection":[{"href":"https:\/\/www.oroverde.com.ar\/web\/wp-json\/wp\/v2\/posts"}],"about":[{"href":"https:\/\/www.oroverde.com.ar\/web\/wp-json\/wp\/v2\/types\/post"}],"author":[{"embeddable":true,"href":"https:\/\/www.oroverde.com.ar\/web\/wp-json\/wp\/v2\/users\/1"}],"replies":[{"embeddable":true,"href":"https:\/\/www.oroverde.com.ar\/web\/wp-json\/wp\/v2\/comments?post=630848"}],"version-history":[{"count":1,"href":"https:\/\/www.oroverde.com.ar\/web\/wp-json\/wp\/v2\/posts\/630848\/revisions"}],"predecessor-version":[{"id":630852,"href":"https:\/\/www.oroverde.com.ar\/web\/wp-json\/wp\/v2\/posts\/630848\/revisions\/630852"}],"wp:featuredmedia":[{"embeddable":true,"href":"https:\/\/www.oroverde.com.ar\/web\/wp-json\/wp\/v2\/media\/630849"}],"wp:attachment":[{"href":"https:\/\/www.oroverde.com.ar\/web\/wp-json\/wp\/v2\/media?parent=630848"}],"wp:term":[{"taxonomy":"category","embeddable":true,"href":"https:\/\/www.oroverde.com.ar\/web\/wp-json\/wp\/v2\/categories?post=630848"},{"taxonomy":"post_tag","embeddable":true,"href":"https:\/\/www.oroverde.com.ar\/web\/wp-json\/wp\/v2\/tags?post=630848"}],"curies":[{"name":"wp","href":"https:\/\/api.w.org\/{rel}","templated":true}]}}