{"id":630876,"date":"2026-01-23T09:15:37","date_gmt":"2026-01-23T12:15:37","guid":{"rendered":"https:\/\/www.oroverde.com.ar\/web\/?p=630876"},"modified":"2026-01-26T09:18:00","modified_gmt":"2026-01-26T12:18:00","slug":"bailas-folklore-sumate-al-certamen-de-oro-verde-canta-y-baila","status":"publish","type":"post","link":"https:\/\/www.oroverde.com.ar\/web\/bailas-folklore-sumate-al-certamen-de-oro-verde-canta-y-baila\/","title":{"rendered":"\u00bfBail\u00e1s folklore? Sumate al Certamen de Oro Verde Canta y Baila"},"content":{"rendered":"\n<p>La nueva edici\u00f3n de la fiesta Oro Verde Canta y Baila tendr\u00e1 un Certamen de Danzas folkl\u00f3ricas en la que artistas de toda la provincia podr\u00e1n competir para ser parte del escenario principal y premios en efectivo. Ser\u00e1 el s\u00e1bado 7 de febrero desde las 19 hs. en el Polideportivo Municipal ubicado en Las Golondrinas y Los Sauces.<\/p>\n\n\n\n<p><img decoding=\"async\" alt=\"\ud83d\udc49\" src=\"https:\/\/fonts.gstatic.com\/s\/e\/notoemoji\/16.0\/1f449\/72.png\">\u00bfEn qu\u00e9 categor\u00edas podr\u00e1n inscribirse?<\/p>\n\n\n\n<p><img decoding=\"async\" alt=\"\u2747\ufe0f\" src=\"https:\/\/fonts.gstatic.com\/s\/e\/notoemoji\/16.0\/2747_fe0f\/72.png\"> Conjunto de baile folkl\u00f3rico &#8211; tradicional o estilizado<\/p>\n\n\n\n<p><img decoding=\"async\" alt=\"\u2747\ufe0f\" src=\"https:\/\/fonts.gstatic.com\/s\/e\/notoemoji\/16.0\/2747_fe0f\/72.png\"> Pareja de baile folkl\u00f3rico &#8211; tradicional o estilizado<\/p>\n\n\n\n<p>C\u00f3mo se realiza la inscripci\u00f3n: por medio de un formulario digital en el siguiente enlace o escaneando el c\u00f3digo QR de la imagen que acompa\u00f1a esta publicaci\u00f3n.<\/p>\n\n\n\n<p><img decoding=\"async\" alt=\"\ud83c\udf81\" src=\"https:\/\/fonts.gstatic.com\/s\/e\/notoemoji\/16.0\/1f381\/72.png\"><img decoding=\"async\" alt=\"\ud83d\udd08\" src=\"https:\/\/fonts.gstatic.com\/s\/e\/notoemoji\/16.0\/1f508\/72.png\">Premios:<\/p>\n\n\n\n<p>La organizaci\u00f3n premiar\u00e1 a las propuestas seleccionadas con una actuaci\u00f3n en el Festival Oro verde canta y baila- 2026, el 14 de febrero en horario a establecer por la producci\u00f3n del evento, adem\u00e1s se les otorgar\u00e1 un cachet econ\u00f3mico y certificado de participaci\u00f3n.<\/p>\n\n\n\n<p><img decoding=\"async\" alt=\"\ud83d\udccc\" src=\"https:\/\/fonts.gstatic.com\/s\/e\/notoemoji\/16.0\/1f4cc\/72.png\">Pareja de danza folkl\u00f3rica\u2014$120.000&nbsp;&nbsp;&nbsp;&nbsp;&nbsp;&nbsp;&nbsp;&nbsp;&nbsp;&nbsp;&nbsp;&nbsp;&nbsp;&nbsp;&nbsp;&nbsp;&nbsp;&nbsp;&nbsp;&nbsp;<\/p>\n\n\n\n<p><img decoding=\"async\" alt=\"\ud83d\udccc\" src=\"https:\/\/fonts.gstatic.com\/s\/e\/notoemoji\/16.0\/1f4cc\/72.png\">Conjunto de danza folkl\u00f3rica\u2014$250.000<\/p>\n\n\n\n<p>Reglamento en este enlace <a href=\"https:\/\/goo.su\/sraT\" target=\"_blank\" rel=\"noreferrer noopener\">https:\/\/goo.su\/sraT<\/a><\/p>\n\n\n\n<p><img decoding=\"async\" alt=\"\ud83d\udc49\" src=\"https:\/\/fonts.gstatic.com\/s\/e\/notoemoji\/16.0\/1f449\/72.png\"><img decoding=\"async\" alt=\"\ud83d\udce7\" src=\"https:\/\/fonts.gstatic.com\/s\/e\/notoemoji\/16.0\/1f4e7\/72.png\"> Por consultas: <a href=\"mailto:certamenoroverdecantaybaila@gmail.com\" target=\"_blank\" rel=\"noreferrer noopener\">certamenoroverdecantaybaila@gmail.com<\/a><\/p>\n\n\n\n<p><\/p>\n","protected":false},"excerpt":{"rendered":"<p>La nueva edici\u00f3n de la fiesta Oro Verde Canta y Baila tendr\u00e1 un Certamen de Danzas folkl\u00f3ricas en la que artistas de toda la provincia podr\u00e1n competir para ser parte&#8230;<\/p>\n","protected":false},"author":1,"featured_media":0,"comment_status":"open","ping_status":"closed","sticky":false,"template":"","format":"standard","meta":{"_eb_attr":"","footnotes":""},"categories":[207,36],"tags":[],"class_list":["post-630876","post","type-post","status-publish","format-standard","hentry","category-convocatoria","category-eventos","wpcat-207-id","wpcat-36-id"],"_links":{"self":[{"href":"https:\/\/www.oroverde.com.ar\/web\/wp-json\/wp\/v2\/posts\/630876","targetHints":{"allow":["GET"]}}],"collection":[{"href":"https:\/\/www.oroverde.com.ar\/web\/wp-json\/wp\/v2\/posts"}],"about":[{"href":"https:\/\/www.oroverde.com.ar\/web\/wp-json\/wp\/v2\/types\/post"}],"author":[{"embeddable":true,"href":"https:\/\/www.oroverde.com.ar\/web\/wp-json\/wp\/v2\/users\/1"}],"replies":[{"embeddable":true,"href":"https:\/\/www.oroverde.com.ar\/web\/wp-json\/wp\/v2\/comments?post=630876"}],"version-history":[{"count":1,"href":"https:\/\/www.oroverde.com.ar\/web\/wp-json\/wp\/v2\/posts\/630876\/revisions"}],"predecessor-version":[{"id":630877,"href":"https:\/\/www.oroverde.com.ar\/web\/wp-json\/wp\/v2\/posts\/630876\/revisions\/630877"}],"wp:attachment":[{"href":"https:\/\/www.oroverde.com.ar\/web\/wp-json\/wp\/v2\/media?parent=630876"}],"wp:term":[{"taxonomy":"category","embeddable":true,"href":"https:\/\/www.oroverde.com.ar\/web\/wp-json\/wp\/v2\/categories?post=630876"},{"taxonomy":"post_tag","embeddable":true,"href":"https:\/\/www.oroverde.com.ar\/web\/wp-json\/wp\/v2\/tags?post=630876"}],"curies":[{"name":"wp","href":"https:\/\/api.w.org\/{rel}","templated":true}]}}