{"id":631738,"date":"2026-09-01T09:12:01","date_gmt":"2026-09-01T12:12:01","guid":{"rendered":"https:\/\/www.oroverde.com.ar\/web\/?p=631738"},"modified":"2026-09-02T09:13:49","modified_gmt":"2026-09-02T12:13:49","slug":"castracion-de-animales-domesticos-este-19-de-septiembre-el-turno-se-solicitara-via-whatsapp","status":"publish","type":"post","link":"https:\/\/www.oroverde.com.ar\/web\/castracion-de-animales-domesticos-este-19-de-septiembre-el-turno-se-solicitara-via-whatsapp\/","title":{"rendered":"Castraci\u00f3n de animales dom\u00e9sticos este 19 de septiembre: el turno se solicitar\u00e1 v\u00eda Whatsapp"},"content":{"rendered":"\n<p class=\"wp-block-paragraph\">El Municipio realiz\u00f3 algunos cambios para el pr\u00f3ximo operativo de castraci\u00f3n de animales dom\u00e9sticos junto a la Asociaci\u00f3n Amigos de los Animales. El turno se solicitar\u00e1 v\u00eda Whatsapp, habr\u00e1 80 cupos disponibles y verificar\u00e1n ese d\u00eda el domicilio en la localidad de quienes lleven sus animales a esterilizar.<\/p>\n\n\n\n<p class=\"wp-block-paragraph\">El nuevo operativo se realizar\u00e1 el 19 de septiembre desde las 8 hs en el quir\u00f3fano m\u00f3vil \/ Municipio de Oro Verde (entrada por Los Ceibos)<\/p>\n\n\n\n<p class=\"wp-block-paragraph\">Es indispensable concurrir con DNI, recibo de alquiler o servicios que acredite domicilio en la localidad.<\/p>\n\n\n\n<p class=\"wp-block-paragraph\">Los turnos deber\u00e1n solicitarse al n\u00famero: 0343 4573828<\/p>\n\n\n\n<p class=\"wp-block-paragraph\">Es importante respetar el turno asignado y no se suspende por lluvia.<\/p>\n\n\n\n<p class=\"wp-block-paragraph\">Sobre los animales<\/p>\n\n\n\n<p class=\"wp-block-paragraph\">Las hembras que hayan tenido cr\u00eda, se pueden castrar despu\u00e9s de los 2 meses de parir. El animal a castrar debe tener 8 hs. de ayuno s\u00f3lido y 3 hs. de ayuno l\u00edquido.<\/p>\n\n\n\n<p class=\"wp-block-paragraph\">Los perros\/as deben llegar con correa, los gatos\/as en bolso o mochila y nunca sueltos. Llevar una manta para retirar el animal.<\/p>\n","protected":false},"excerpt":{"rendered":"<p>El Municipio realiz\u00f3 algunos cambios para el pr\u00f3ximo operativo de castraci\u00f3n de animales dom\u00e9sticos junto a la Asociaci\u00f3n Amigos de los Animales. El turno se solicitar\u00e1 v\u00eda Whatsapp, habr\u00e1 80 cupos disponibles y verificar\u00e1n ese d\u00eda el domicilio en la localidad de quienes lleven sus animales a esterilizar. El nuevo operativo se realizar\u00e1 el 19 [&hellip;]<\/p>\n","protected":false},"author":1,"featured_media":631739,"comment_status":"open","ping_status":"closed","sticky":false,"template":"","format":"standard","meta":{"_eb_attr":"","footnotes":""},"categories":[29],"tags":[],"class_list":["post-631738","post","type-post","status-publish","format-standard","has-post-thumbnail","hentry","category-mascotas"],"_links":{"self":[{"href":"https:\/\/www.oroverde.com.ar\/web\/wp-json\/wp\/v2\/posts\/631738","targetHints":{"allow":["GET"]}}],"collection":[{"href":"https:\/\/www.oroverde.com.ar\/web\/wp-json\/wp\/v2\/posts"}],"about":[{"href":"https:\/\/www.oroverde.com.ar\/web\/wp-json\/wp\/v2\/types\/post"}],"author":[{"embeddable":true,"href":"https:\/\/www.oroverde.com.ar\/web\/wp-json\/wp\/v2\/users\/1"}],"replies":[{"embeddable":true,"href":"https:\/\/www.oroverde.com.ar\/web\/wp-json\/wp\/v2\/comments?post=631738"}],"version-history":[{"count":1,"href":"https:\/\/www.oroverde.com.ar\/web\/wp-json\/wp\/v2\/posts\/631738\/revisions"}],"predecessor-version":[{"id":631740,"href":"https:\/\/www.oroverde.com.ar\/web\/wp-json\/wp\/v2\/posts\/631738\/revisions\/631740"}],"wp:featuredmedia":[{"embeddable":true,"href":"https:\/\/www.oroverde.com.ar\/web\/wp-json\/wp\/v2\/media\/631739"}],"wp:attachment":[{"href":"https:\/\/www.oroverde.com.ar\/web\/wp-json\/wp\/v2\/media?parent=631738"}],"wp:term":[{"taxonomy":"category","embeddable":true,"href":"https:\/\/www.oroverde.com.ar\/web\/wp-json\/wp\/v2\/categories?post=631738"},{"taxonomy":"post_tag","embeddable":true,"href":"https:\/\/www.oroverde.com.ar\/web\/wp-json\/wp\/v2\/tags?post=631738"}],"curies":[{"name":"wp","href":"https:\/\/api.w.org\/{rel}","templated":true}]}}