{"id":631744,"date":"2026-09-03T08:21:33","date_gmt":"2026-09-03T11:21:33","guid":{"rendered":"https:\/\/www.oroverde.com.ar\/web\/?p=631744"},"modified":"2026-09-04T09:54:53","modified_gmt":"2026-09-04T12:54:53","slug":"ferny-kosiak-ofrecio-un-taller-de-escritura-abierto-y-presento-su-libro-juanele-mitico-en-oro-verde","status":"publish","type":"post","link":"https:\/\/www.oroverde.com.ar\/web\/ferny-kosiak-ofrecio-un-taller-de-escritura-abierto-y-presento-su-libro-juanele-mitico-en-oro-verde\/","title":{"rendered":"Ferny Kosiak ofreci\u00f3 un taller de escritura abierto y present\u00f3 su libro Juanele M\u00edtico en Oro Verde"},"content":{"rendered":"\n<p class=\"wp-block-paragraph\">En el marco de los homenajes por el natalicio de Juan Laurentino Ortiz, este mi\u00e9rcoles el escritor y profesor Fernando Kosiak llev\u00f3 adelante el taller de escritura gratuito \u201c130 a\u00f1os de Juanele\u201d. Fue en el Museo Conrado Hasenauer de nuestra ciudad, donde trabaj\u00f3 a trav\u00e9s de la lectura y el an\u00e1lisis del universo de Juan L. Ortiz.<\/p>\n\n\n\n<p class=\"wp-block-paragraph\">Luego, present\u00f3 su libro \u201cJuanele m\u00edtico\u201d, un ensayo donde recorre la vida y obra de este gran poeta entrerriano, de quien el pasado 11 de junio se conmemoraron los 130 a\u00f1os de su nacimiento. Este trabajo tambi\u00e9n explora un conjunto de 59 textos literarios que homenajean a Juanele. El libro fue construido a lo largo de una d\u00e9cada en un trabajo minucioso en diferentes bibliotecas populares de nuestra provincia en las que Kosiak busc\u00f3 aquellos textos que se inspiraron en todo lo que Juanele supo representar a trav\u00e9s de su obra y de su persona. Al finalizar la presentaci\u00f3n firm\u00f3 aut\u00f3grafos con dedicatorias para sus lectores.<\/p>\n","protected":false},"excerpt":{"rendered":"<p>En el marco de los homenajes por el natalicio de Juan Laurentino Ortiz, este mi\u00e9rcoles el escritor y profesor Fernando Kosiak llev\u00f3 adelante el taller de escritura gratuito \u201c130 a\u00f1os de Juanele\u201d. Fue en el Museo Conrado Hasenauer de nuestra ciudad, donde trabaj\u00f3 a trav\u00e9s de la lectura y el an\u00e1lisis del universo de Juan [&hellip;]<\/p>\n","protected":false},"author":1,"featured_media":631745,"comment_status":"open","ping_status":"closed","sticky":false,"template":"","format":"standard","meta":{"_eb_attr":"","footnotes":""},"categories":[35],"tags":[],"class_list":["post-631744","post","type-post","status-publish","format-standard","has-post-thumbnail","hentry","category-talleres"],"_links":{"self":[{"href":"https:\/\/www.oroverde.com.ar\/web\/wp-json\/wp\/v2\/posts\/631744","targetHints":{"allow":["GET"]}}],"collection":[{"href":"https:\/\/www.oroverde.com.ar\/web\/wp-json\/wp\/v2\/posts"}],"about":[{"href":"https:\/\/www.oroverde.com.ar\/web\/wp-json\/wp\/v2\/types\/post"}],"author":[{"embeddable":true,"href":"https:\/\/www.oroverde.com.ar\/web\/wp-json\/wp\/v2\/users\/1"}],"replies":[{"embeddable":true,"href":"https:\/\/www.oroverde.com.ar\/web\/wp-json\/wp\/v2\/comments?post=631744"}],"version-history":[{"count":1,"href":"https:\/\/www.oroverde.com.ar\/web\/wp-json\/wp\/v2\/posts\/631744\/revisions"}],"predecessor-version":[{"id":631746,"href":"https:\/\/www.oroverde.com.ar\/web\/wp-json\/wp\/v2\/posts\/631744\/revisions\/631746"}],"wp:featuredmedia":[{"embeddable":true,"href":"https:\/\/www.oroverde.com.ar\/web\/wp-json\/wp\/v2\/media\/631745"}],"wp:attachment":[{"href":"https:\/\/www.oroverde.com.ar\/web\/wp-json\/wp\/v2\/media?parent=631744"}],"wp:term":[{"taxonomy":"category","embeddable":true,"href":"https:\/\/www.oroverde.com.ar\/web\/wp-json\/wp\/v2\/categories?post=631744"},{"taxonomy":"post_tag","embeddable":true,"href":"https:\/\/www.oroverde.com.ar\/web\/wp-json\/wp\/v2\/tags?post=631744"}],"curies":[{"name":"wp","href":"https:\/\/api.w.org\/{rel}","templated":true}]}}