{"id":73,"date":"2014-11-29T23:52:59","date_gmt":"2014-11-29T23:52:59","guid":{"rendered":"http:\/\/overde.com.ar\/web\/?p=73"},"modified":"2014-11-29T23:52:59","modified_gmt":"2014-11-29T23:52:59","slug":"la-martita-de-breglia-hnos-un-emprendimiento-que-marco-la-historia","status":"publish","type":"post","link":"https:\/\/www.oroverde.com.ar\/web\/la-martita-de-breglia-hnos-un-emprendimiento-que-marco-la-historia\/","title":{"rendered":"\u00abLa Martita\u00bb de Breglia Hnos. un emprendimiento que marc\u00f3 la historia"},"content":{"rendered":"<p><strong>por Ra\u00fal Salinas<\/strong><\/p>\n<figure id=\"attachment_74\" aria-describedby=\"caption-attachment-74\" style=\"width: 400px\" class=\"wp-caption alignright\"><a href=\"http:\/\/overde.com.ar\/web\/wp-content\/uploads\/2014\/11\/PA1300092.jpg\"><img fetchpriority=\"high\" decoding=\"async\" class=\"size-full wp-image-74\" src=\"http:\/\/overde.com.ar\/web\/wp-content\/uploads\/2014\/11\/PA1300092.jpg\" alt=\"Antigua construcci\u00f3n demolida en 2012, en la esquina de Av. Del Castillo y Los Jacarand\u00e1es\" width=\"400\" height=\"300\" srcset=\"https:\/\/www.oroverde.com.ar\/web\/wp-content\/uploads\/2014\/11\/PA1300092.jpg 400w, https:\/\/www.oroverde.com.ar\/web\/wp-content\/uploads\/2014\/11\/PA1300092-300x225.jpg 300w, https:\/\/www.oroverde.com.ar\/web\/wp-content\/uploads\/2014\/11\/PA1300092-150x113.jpg 150w\" sizes=\"(max-width: 400px) 100vw, 400px\" \/><\/a><figcaption id=\"caption-attachment-74\" class=\"wp-caption-text\">Antigua construcci\u00f3n demolida en 2012, en la esquina de Av. Del Castillo y Los Jacarand\u00e1es<\/figcaption><\/figure>\n<p>Mi padre, nacido en esta zona all\u00ed por 1914, me contaba que en Oro Verde la actividad comercial se inici\u00f3 con el t\u00edpico almac\u00e9n de ramos generales, mereciendo aqu\u00ed una menci\u00f3n muy especial Don Carlos Politi un verdadero hombre de bien, incansable colaborador en todo emprendimiento de car\u00e1cter comunitario. En \u00e9stos almacenes, me olvidaba, tambi\u00e9n se pod\u00eda tomar una copita y jugar un truco de cuatro.<\/p>\n<p>Promediando la d\u00e9cada del cincuenta lleg\u00f3 una firma de Buenos Aires, Breglia Hermanos, que se radic\u00f3 aqu\u00ed instalando una explotaci\u00f3n av\u00edcola, ocupando casi un tercio sur (10.000m\u00b2) de la primer manzana sobre la ruta a Diamante, viniendo desde Paran\u00e1. Actualmente comprendida entre las calles Los Horneros (Actual Av. Int. Carlos del Castillo), Los Jacarandaes, Los Cardenales y Los Cha\u00f1ares.<\/p>\n<p><!--more--><\/p>\n<p>Los gallineros eran de mamposter\u00eda de longitud variable y un ancho de 5 metros; los techos eran abovedados de ladrillos puestos de canto dando un espesor de 7cm aproximadamente, se constru\u00edan por secciones con un molde met\u00e1lico; ten\u00edan ventanas cerradas con tejido de alambre, los zarzos donde dorm\u00edan las gallinas y casilleros que era el lugar de postura. Durante el d\u00eda las aves sal\u00edan a un espacio abierto delimitado por cercas de ladrillo en su parte inferior y alambre tejido en la superior, con una altura total de 2 metros. En estos espacios se hab\u00edan plantado \u00e1rboles frutales (c\u00edtricos) y cerca de las edificaciones para\u00edsos que por sus hojas caducas otorgaban frescura en verano y en el invierno permitan un soleado pleno.<\/p>\n<p>En otro sector estaba el dep\u00f3sito, donde se clasificaban huevos y se almacenaban cajones, siendo \u00e9stos de dimensiones similares a las actuales, en el frente ten\u00edan impreso el nombre de la firma, Breglia Hermanos, direcci\u00f3n y la marca \u00abLa Martita\u00bb. Los empaques eran de cart\u00f3n en forma de casilleros plegables, que se ubicaban en el caj\u00f3n con separadores del mismo material entre uno y otro.<\/p>\n<p>Al lado del dep\u00f3sito viv\u00eda el Se\u00f1or Artacho con su familia, encargado de la explotaci\u00f3n, a qui\u00e9n afectuosamente apod\u00e1bamos \u00abEl Porte\u00f1o\u00bb. Trabajaban adem\u00e1s varias personas del lugar, que se encargaban del cuidado de las gallinas, clasificado y envasado de huevos, carga y descarga de camiones.<\/p>\n<p>Pasados algunos a\u00f1os, el establecimiento cerr\u00f3 y sus bienes fueron vendidos.<\/p>\n<p>Por aquel entonces ten\u00eda yo unos 10 a\u00f1os y a\u00fan recuerdo lo famoso que se hicieron para m\u00ed los cajones de aquella firma. Cuando iba a una especie de escuela que un partido pol\u00edtico hab\u00eda iniciado, me sentaba en ellos. Cuando los fines de semana se ofrec\u00edan proyecciones cinematogr\u00e1ficas volv\u00eda a sentarme en los mismos. En los actos pol\u00edticos y para el momento de la cena o el almuerzo contaba con esos asientos, al igual que cuando concurr\u00eda a catequesis.<\/p>\n<p>En todo lugar donde eran utilizado y yo estaba presente, con el mayor disimulo me inclinaba, volteaba la cabeza y le\u00eda las inscripciones de los asientos, eran tan raros, los apellidos y lugares de procedencia de algunos!.<\/p>\n<p>Los supe ver a estos envases en algunos hogares cumpliendo distintas funciones tambi\u00e9n. Dejando lo anecd\u00f3tico de lado, en aquellos momentos el cierre de este emprendimiento fue algo que caus\u00f3 tristeza en la localidad, como en todo lugar donde se cierra una fuente de trabajo.<\/p>\n<p>A\u00fan hoy sigo pensando que hermoso hubiera sido seguir contando con esa explotaci\u00f3n av\u00edcola, engrandecida y modernizada contribuyendo al progreso y bienestar de mi Oro Verde.<\/p>\n","protected":false},"excerpt":{"rendered":"<p>por Ra\u00fal Salinas Mi padre, nacido en esta zona all\u00ed por 1914, me contaba que en Oro Verde la actividad comercial se inici\u00f3 con el t\u00edpico almac\u00e9n de ramos generales,&#8230;<\/p>\n","protected":false},"author":1,"featured_media":0,"comment_status":"open","ping_status":"closed","sticky":false,"template":"","format":"standard","meta":{"_eb_attr":"","footnotes":""},"categories":[4],"tags":[],"class_list":["post-73","post","type-post","status-publish","format-standard","hentry","category-historias-de-vida","wpcat-4-id"],"_links":{"self":[{"href":"https:\/\/www.oroverde.com.ar\/web\/wp-json\/wp\/v2\/posts\/73","targetHints":{"allow":["GET"]}}],"collection":[{"href":"https:\/\/www.oroverde.com.ar\/web\/wp-json\/wp\/v2\/posts"}],"about":[{"href":"https:\/\/www.oroverde.com.ar\/web\/wp-json\/wp\/v2\/types\/post"}],"author":[{"embeddable":true,"href":"https:\/\/www.oroverde.com.ar\/web\/wp-json\/wp\/v2\/users\/1"}],"replies":[{"embeddable":true,"href":"https:\/\/www.oroverde.com.ar\/web\/wp-json\/wp\/v2\/comments?post=73"}],"version-history":[{"count":1,"href":"https:\/\/www.oroverde.com.ar\/web\/wp-json\/wp\/v2\/posts\/73\/revisions"}],"predecessor-version":[{"id":75,"href":"https:\/\/www.oroverde.com.ar\/web\/wp-json\/wp\/v2\/posts\/73\/revisions\/75"}],"wp:attachment":[{"href":"https:\/\/www.oroverde.com.ar\/web\/wp-json\/wp\/v2\/media?parent=73"}],"wp:term":[{"taxonomy":"category","embeddable":true,"href":"https:\/\/www.oroverde.com.ar\/web\/wp-json\/wp\/v2\/categories?post=73"},{"taxonomy":"post_tag","embeddable":true,"href":"https:\/\/www.oroverde.com.ar\/web\/wp-json\/wp\/v2\/tags?post=73"}],"curies":[{"name":"wp","href":"https:\/\/api.w.org\/{rel}","templated":true}]}}