{"id":9434,"date":"2018-01-17T08:16:22","date_gmt":"2018-01-17T11:16:22","guid":{"rendered":"http:\/\/www.oroverde.com.ar\/web\/?p=9434"},"modified":"2018-01-17T08:22:56","modified_gmt":"2018-01-17T11:22:56","slug":"instalaron-un-calefon-solar-en-el-complejo-municipal-de-piletas","status":"publish","type":"post","link":"https:\/\/www.oroverde.com.ar\/web\/instalaron-un-calefon-solar-en-el-complejo-municipal-de-piletas\/","title":{"rendered":"Instalaron un Calef\u00f3n Solar en el Complejo Municipal de Piletas"},"content":{"rendered":"<p style=\"text-align: justify;\"><span id=\"fbPhotoSnowliftCaption\" class=\"fbPhotosPhotoCaption\" tabindex=\"0\" aria-live=\"polite\" data-ft=\"{&quot;tn&quot;:&quot;K&quot;}\"><span class=\"hasCaption\">Ayer por la ma\u00f1ana se instal\u00f3 en el Complejo Municipal de Piletas un calef\u00f3n solar que proveer\u00e1 de agua caliente a las duchas y otros espacios, mediante energ\u00eda limpia.<\/span><\/span><\/p>\n<div id=\"fbPhotoSnowliftCTMButton\">\u00a0<a href=\"http:\/\/www.oroverde.com.ar\/web\/wp-content\/uploads\/2018\/01\/26993372_1391382337638217_8792793438831291235_n.jpg\"><img fetchpriority=\"high\" decoding=\"async\" class=\"alignnone size-full wp-image-9440\" src=\"http:\/\/www.oroverde.com.ar\/web\/wp-content\/uploads\/2018\/01\/26993372_1391382337638217_8792793438831291235_n.jpg\" alt=\"\" width=\"960\" height=\"576\" srcset=\"https:\/\/www.oroverde.com.ar\/web\/wp-content\/uploads\/2018\/01\/26993372_1391382337638217_8792793438831291235_n.jpg 960w, https:\/\/www.oroverde.com.ar\/web\/wp-content\/uploads\/2018\/01\/26993372_1391382337638217_8792793438831291235_n-300x180.jpg 300w, https:\/\/www.oroverde.com.ar\/web\/wp-content\/uploads\/2018\/01\/26993372_1391382337638217_8792793438831291235_n-150x90.jpg 150w, https:\/\/www.oroverde.com.ar\/web\/wp-content\/uploads\/2018\/01\/26993372_1391382337638217_8792793438831291235_n-768x461.jpg 768w, https:\/\/www.oroverde.com.ar\/web\/wp-content\/uploads\/2018\/01\/26993372_1391382337638217_8792793438831291235_n-850x510.jpg 850w\" sizes=\"(max-width: 960px) 100vw, 960px\" \/><\/a><\/div>\n<div>Fuente: Municipio de Oro verde<\/div>\n","protected":false},"excerpt":{"rendered":"<p>Ayer por la ma\u00f1ana se instal\u00f3 en el Complejo Municipal de Piletas un calef\u00f3n solar que proveer\u00e1 de agua caliente a las duchas y otros espacios, mediante energ\u00eda limpia. \u00a0&#8230;<\/p>\n","protected":false},"author":2,"featured_media":0,"comment_status":"open","ping_status":"closed","sticky":false,"template":"","format":"standard","meta":{"_eb_attr":"","footnotes":""},"categories":[5],"tags":[],"class_list":["post-9434","post","type-post","status-publish","format-standard","hentry","category-noticias-municipales","wpcat-5-id"],"_links":{"self":[{"href":"https:\/\/www.oroverde.com.ar\/web\/wp-json\/wp\/v2\/posts\/9434","targetHints":{"allow":["GET"]}}],"collection":[{"href":"https:\/\/www.oroverde.com.ar\/web\/wp-json\/wp\/v2\/posts"}],"about":[{"href":"https:\/\/www.oroverde.com.ar\/web\/wp-json\/wp\/v2\/types\/post"}],"author":[{"embeddable":true,"href":"https:\/\/www.oroverde.com.ar\/web\/wp-json\/wp\/v2\/users\/2"}],"replies":[{"embeddable":true,"href":"https:\/\/www.oroverde.com.ar\/web\/wp-json\/wp\/v2\/comments?post=9434"}],"version-history":[{"count":4,"href":"https:\/\/www.oroverde.com.ar\/web\/wp-json\/wp\/v2\/posts\/9434\/revisions"}],"predecessor-version":[{"id":9441,"href":"https:\/\/www.oroverde.com.ar\/web\/wp-json\/wp\/v2\/posts\/9434\/revisions\/9441"}],"wp:attachment":[{"href":"https:\/\/www.oroverde.com.ar\/web\/wp-json\/wp\/v2\/media?parent=9434"}],"wp:term":[{"taxonomy":"category","embeddable":true,"href":"https:\/\/www.oroverde.com.ar\/web\/wp-json\/wp\/v2\/categories?post=9434"},{"taxonomy":"post_tag","embeddable":true,"href":"https:\/\/www.oroverde.com.ar\/web\/wp-json\/wp\/v2\/tags?post=9434"}],"curies":[{"name":"wp","href":"https:\/\/api.w.org\/{rel}","templated":true}]}}