{"id":9449,"date":"2018-01-18T21:53:06","date_gmt":"2018-01-19T00:53:06","guid":{"rendered":"http:\/\/www.oroverde.com.ar\/web\/?p=9449"},"modified":"2018-01-18T21:59:32","modified_gmt":"2018-01-19T00:59:32","slug":"sofia-luquez-una-joven-con-talento-que-lanza-su-primer-libro-y-gana-una-beca-de-estudio","status":"publish","type":"post","link":"https:\/\/www.oroverde.com.ar\/web\/sofia-luquez-una-joven-con-talento-que-lanza-su-primer-libro-y-gana-una-beca-de-estudio\/","title":{"rendered":"Sof\u00eda Luquez una joven con talento, que lanza su primer libro y gana una beca de estudio"},"content":{"rendered":"<p style=\"text-align: justify;\"><a href=\"http:\/\/www.oroverde.com.ar\/web\/wp-content\/uploads\/2018\/01\/26840982_1547998868614259_794946277022115399_o.jpg\"><img fetchpriority=\"high\" decoding=\"async\" class=\"size-full wp-image-9450 aligncenter\" src=\"http:\/\/www.oroverde.com.ar\/web\/wp-content\/uploads\/2018\/01\/26840982_1547998868614259_794946277022115399_o.jpg\" alt=\"\" width=\"1066\" height=\"600\" srcset=\"https:\/\/www.oroverde.com.ar\/web\/wp-content\/uploads\/2018\/01\/26840982_1547998868614259_794946277022115399_o.jpg 1066w, https:\/\/www.oroverde.com.ar\/web\/wp-content\/uploads\/2018\/01\/26840982_1547998868614259_794946277022115399_o-300x169.jpg 300w, https:\/\/www.oroverde.com.ar\/web\/wp-content\/uploads\/2018\/01\/26840982_1547998868614259_794946277022115399_o-1024x576.jpg 1024w, https:\/\/www.oroverde.com.ar\/web\/wp-content\/uploads\/2018\/01\/26840982_1547998868614259_794946277022115399_o-150x84.jpg 150w, https:\/\/www.oroverde.com.ar\/web\/wp-content\/uploads\/2018\/01\/26840982_1547998868614259_794946277022115399_o-768x432.jpg 768w, https:\/\/www.oroverde.com.ar\/web\/wp-content\/uploads\/2018\/01\/26840982_1547998868614259_794946277022115399_o-850x478.jpg 850w\" sizes=\"(max-width: 1066px) 100vw, 1066px\" \/><\/a>Cuando el talento y el reconocimiento se juntan.<\/p>\n<p style=\"text-align: justify;\">Sof\u00eda Luquez es reconocida por importante Universidad de nuestro pa\u00eds y publica su primer libro.<\/p>\n<p style=\"text-align: justify;\"><!--more--><\/p>\n<h1 style=\"text-align: justify;\">\u00bfQui\u00e9n es Sof\u00eda Luquez?<\/h1>\n<p style=\"text-align: justify;\">Sof\u00eda es una joven oroverdina. Una chica de 17 a\u00f1os cuyas pasiones la fueron llevando a ser abanderada y poseer muy buenos promedios en su trayectoria escolar.<\/p>\n<p style=\"text-align: justify;\">A lo largo de su vida hizo de la lectura y la escritura un universo personal, desde el cual observa, toma y se pregunta.<\/p>\n<p style=\"text-align: justify;\">Ha sido una lectora destacada de la biblioteca Popular Encuentros de Oro Verde, pocos libros de la biblioteca de la escuela Vera Pe\u00f1aloza quedaron fuera de su inter\u00e9s y abordaje.<\/p>\n<p style=\"text-align: justify;\">La curiosidad y el asombro son sus motores. Generosa, alegre, buena compa\u00f1era, mejor amiga, responsable, comprometida.<\/p>\n<h1 style=\"text-align: justify;\">Caminos que se abren<\/h1>\n<p style=\"text-align: justify;\">Como consecuencia de su trayectoria escolar y sus intereses personales, Sof\u00eda se convierte en abanderada, poseedora de un alto promedio escolar. Eso, al terminar sus estudios, le vali\u00f3 la oferta de una beca por parte de la Universidad de San Andr\u00e9s , instituci\u00f3n que al describir su misi\u00f3n dice, entre otras cosas: Tiene como objetivo poner la educaci\u00f3n que brinda a disposici\u00f3n de personas con aptitudes intelectuales, vocaci\u00f3n de servicio y dedicaci\u00f3n al estudio, m\u00e1s all\u00e1 de sus recursos econ\u00f3micos.<\/p>\n<p style=\"text-align: justify;\">La Universidad de San Andr\u00e9s es una prestigiosa casa de altos estudios ubicada en San Fernando, provincia de Buenos Aires, seg\u00fan sus estad\u00edsticas, el 80% de sus egresados consiguen empleo dentro de los primeros 3 meses.<\/p>\n<h1 style=\"text-align: justify;\">Desplegar los dones para conseguir objetivos<\/h1>\n<p style=\"text-align: justify;\">Ante la situaci\u00f3n de afrontar costos que la universidad en \u00e9sta etapa de ex\u00e1menes de ingreso y cursos preparatorios no cubre, desde De las Maravillas le propusimos a Sofi editar su primer libro de poemas. As\u00ed, con la venta del mismo, ayudar a cubrir esas necesidades.<\/p>\n<p style=\"text-align: justify;\">La presentaci\u00f3n del libro se har\u00e1 el 27 de enero en De las Maravillas, a las 20:30. Participar\u00e1n artistas locales y amigos de la casa, para acompa\u00f1ar a Sofi en \u00e9sta hermosa aventura de compartir la palabra. Ser\u00e1 una noche de Belleza y emoci\u00f3n. Para acceder a ella se debe adquirir un libro, cuyo costo es de $100.- Habr\u00e1 sorpresas!<\/p>\n<p style=\"text-align: justify;\"><span class=\"_4yxo\">De las Maravillas <\/span>es un espacio donde se pueden encontrar libros para comprar o intercambiar. Un lugar donde se desarrollar\u00e1n talleres literarios y diversas actividades culturales, tales como encuentros musicales, teatrales, de narraci\u00f3n oral o muestras de pintura. Est\u00e1 ubicado en calle los Jacarandaes 368 de Oro Verde.<\/p>\n<p style=\"text-align: center;\"><a href=\"http:\/\/www.oroverde.com.ar\/web\/wp-content\/uploads\/2018\/01\/26904509_1547998208614325_8836348887878452361_n.jpg\"><img decoding=\"async\" class=\"aligncenter size-full wp-image-9453\" src=\"http:\/\/www.oroverde.com.ar\/web\/wp-content\/uploads\/2018\/01\/26904509_1547998208614325_8836348887878452361_n.jpg\" alt=\"\" width=\"720\" height=\"960\" srcset=\"https:\/\/www.oroverde.com.ar\/web\/wp-content\/uploads\/2018\/01\/26904509_1547998208614325_8836348887878452361_n.jpg 720w, https:\/\/www.oroverde.com.ar\/web\/wp-content\/uploads\/2018\/01\/26904509_1547998208614325_8836348887878452361_n-300x400.jpg 300w, https:\/\/www.oroverde.com.ar\/web\/wp-content\/uploads\/2018\/01\/26904509_1547998208614325_8836348887878452361_n-150x200.jpg 150w\" sizes=\"(max-width: 720px) 100vw, 720px\" \/><\/a><\/p>\n<p style=\"text-align: right;\"><strong>Fuente: Semanario Magazine<\/strong><\/p>\n","protected":false},"excerpt":{"rendered":"<p>Cuando el talento y el reconocimiento se juntan. Sof\u00eda Luquez es reconocida por importante Universidad de nuestro pa\u00eds y publica su primer libro.<\/p>\n","protected":false},"author":1,"featured_media":0,"comment_status":"open","ping_status":"closed","sticky":false,"template":"","format":"standard","meta":{"_eb_attr":"","footnotes":""},"categories":[10,1],"tags":[],"class_list":["post-9449","post","type-post","status-publish","format-standard","hentry","category-cultura","category-noticias","wpcat-10-id","wpcat-1-id"],"_links":{"self":[{"href":"https:\/\/www.oroverde.com.ar\/web\/wp-json\/wp\/v2\/posts\/9449","targetHints":{"allow":["GET"]}}],"collection":[{"href":"https:\/\/www.oroverde.com.ar\/web\/wp-json\/wp\/v2\/posts"}],"about":[{"href":"https:\/\/www.oroverde.com.ar\/web\/wp-json\/wp\/v2\/types\/post"}],"author":[{"embeddable":true,"href":"https:\/\/www.oroverde.com.ar\/web\/wp-json\/wp\/v2\/users\/1"}],"replies":[{"embeddable":true,"href":"https:\/\/www.oroverde.com.ar\/web\/wp-json\/wp\/v2\/comments?post=9449"}],"version-history":[{"count":4,"href":"https:\/\/www.oroverde.com.ar\/web\/wp-json\/wp\/v2\/posts\/9449\/revisions"}],"predecessor-version":[{"id":9455,"href":"https:\/\/www.oroverde.com.ar\/web\/wp-json\/wp\/v2\/posts\/9449\/revisions\/9455"}],"wp:attachment":[{"href":"https:\/\/www.oroverde.com.ar\/web\/wp-json\/wp\/v2\/media?parent=9449"}],"wp:term":[{"taxonomy":"category","embeddable":true,"href":"https:\/\/www.oroverde.com.ar\/web\/wp-json\/wp\/v2\/categories?post=9449"},{"taxonomy":"post_tag","embeddable":true,"href":"https:\/\/www.oroverde.com.ar\/web\/wp-json\/wp\/v2\/tags?post=9449"}],"curies":[{"name":"wp","href":"https:\/\/api.w.org\/{rel}","templated":true}]}}