{"id":9456,"date":"2018-01-24T09:08:58","date_gmt":"2018-01-24T12:08:58","guid":{"rendered":"http:\/\/www.oroverde.com.ar\/web\/?p=9456"},"modified":"2018-01-24T09:10:16","modified_gmt":"2018-01-24T12:10:16","slug":"obra-de-avenida-los-chanares-se-llama-a-licitacion-para-la-compra-de-materiales","status":"publish","type":"post","link":"https:\/\/www.oroverde.com.ar\/web\/obra-de-avenida-los-chanares-se-llama-a-licitacion-para-la-compra-de-materiales\/","title":{"rendered":"Obra de Avenida Los Cha\u00f1ares: se llama a licitaci\u00f3n para la compra de materiales"},"content":{"rendered":"<p style=\"text-align: justify;\"><a href=\"http:\/\/www.oroverde.com.ar\/web\/wp-content\/uploads\/2018\/01\/Los-Cha\u00f1ares-gestiones-w-1024x769.jpg\"><img fetchpriority=\"high\" decoding=\"async\" class=\"alignnone size-full wp-image-9457\" src=\"http:\/\/www.oroverde.com.ar\/web\/wp-content\/uploads\/2018\/01\/Los-Cha\u00f1ares-gestiones-w-1024x769.jpg\" alt=\"\" width=\"1024\" height=\"769\" srcset=\"https:\/\/www.oroverde.com.ar\/web\/wp-content\/uploads\/2018\/01\/Los-Cha\u00f1ares-gestiones-w-1024x769.jpg 1024w, https:\/\/www.oroverde.com.ar\/web\/wp-content\/uploads\/2018\/01\/Los-Cha\u00f1ares-gestiones-w-1024x769-300x225.jpg 300w, https:\/\/www.oroverde.com.ar\/web\/wp-content\/uploads\/2018\/01\/Los-Cha\u00f1ares-gestiones-w-1024x769-150x113.jpg 150w, https:\/\/www.oroverde.com.ar\/web\/wp-content\/uploads\/2018\/01\/Los-Cha\u00f1ares-gestiones-w-1024x769-768x577.jpg 768w, https:\/\/www.oroverde.com.ar\/web\/wp-content\/uploads\/2018\/01\/Los-Cha\u00f1ares-gestiones-w-1024x769-850x638.jpg 850w, https:\/\/www.oroverde.com.ar\/web\/wp-content\/uploads\/2018\/01\/Los-Cha\u00f1ares-gestiones-w-1024x769-480x360.jpg 480w\" sizes=\"(max-width: 1024px) 100vw, 1024px\" \/><\/a>Este a\u00f1o se realizar\u00e1 la primera parte de Av. Los Cha\u00f1ares, una de las principales arterias de la localidad que se encuentra deteriorada a pesar de los arreglos que se hacieron peri\u00f3dicamente.\u00a0La\u00a0primera etapa ser\u00e1n cuatro cuadras en la mano norte desde Av. Intendente Del Castillo hasta Las Golondrinas. El Municipio llam\u00f3 a licitaci\u00f3n para la compra de materiales necesarios por 2.340.ooo pesos.<\/p>\n<p style=\"text-align: justify;\"><!--more-->La obra comenzar\u00e1 a mediados de febrero con dos cuadras de las cuatro previstas en la primera etapa. Se har\u00e1 en la mano norte, desde Av. Intendente del Castillo, enteramente con recursos municipales y s\u00f3lo en materiales se invertir\u00e1n 2.340.000 pesos.<\/p>\n<p style=\"text-align: justify;\">Desde el \u00e1rea de obra p\u00fablica informaron que\u00a0 \u201d a grandes rasgos la obra consistir\u00e1 en levantar el asfalto y\u00a0remover aproximadamente 60 cent\u00edmetros de la calzada para hacer una correcta compactaci\u00f3n de la calle. Tambi\u00e9n se levantar\u00e1 en parte el cord\u00f3n cuneta, donde no est\u00e1 hecho de hormig\u00f3n para construir uno nuevo, ya que la calzada ser\u00e1 de este mismo material\u201d.<\/p>\n<p style=\"text-align: justify;\"><span style=\"text-decoration: underline;\">Llamado a licitaci\u00f3n\u00a0<\/span><\/p>\n<p style=\"text-align: justify;\">La Licitaci\u00f3n P\u00fablica N\u00ba 05 del Municipio de Oro Verde tiene por objeto la compra de\u00a0los siguientes materiales: 710 metros c\u00fabicos de hormig\u00f3n elaborado, 70 barras hierro liso de 20 mm puesto en dep\u00f3sito sede municipal, 600 barras hierro nervado de 6 mm, 800 malla sima de 15 x 25 cm de 2 x 5 metros puesto. La oferta podr\u00e1 realizarse por uno o m\u00e1s de los \u00edtems.<\/p>\n<p style=\"text-align: justify;\">Las ofertas deber\u00e1n presentarse por duplicado, en sobre cerrado, hasta el 16 de febrero a las 10 en la sede municipal hasta el mismo d\u00eda de la apertura de sobres. La\u00a0comisi\u00f3n\u00a0evaluadora\u00a0designada estar\u00e1 constituida por el contador municipal, el encargado de Servicios Generales y el encargado del Programa GIRSU,\u00a0quienes evaluar\u00e1n las ofertas. \u00a0El pliego tiene un valor de tres mil pesos y la venta se realizar\u00e1 en la sede municipal a partir del d\u00eda 29 de enero.<\/p>\n<p><a href=\"http:\/\/oroverde.gob.ar\/wp-content\/uploads\/2018\/01\/Pliego-Licitaci%C3%B3n-P%C3%BAblica-5-Oro-Verde.pdf\">PLIEGO LICITACI\u00d3N<\/a><\/p>\n<p>Fuente: Municipio de Oro Verde<\/p>\n","protected":false},"excerpt":{"rendered":"<p>Este a\u00f1o se realizar\u00e1 la primera parte de Av. Los Cha\u00f1ares, una de las principales arterias de la localidad que se encuentra deteriorada a pesar de los arreglos que se&#8230;<\/p>\n","protected":false},"author":2,"featured_media":0,"comment_status":"open","ping_status":"closed","sticky":false,"template":"","format":"standard","meta":{"_eb_attr":"","footnotes":""},"categories":[5],"tags":[],"class_list":["post-9456","post","type-post","status-publish","format-standard","hentry","category-noticias-municipales","wpcat-5-id"],"_links":{"self":[{"href":"https:\/\/www.oroverde.com.ar\/web\/wp-json\/wp\/v2\/posts\/9456","targetHints":{"allow":["GET"]}}],"collection":[{"href":"https:\/\/www.oroverde.com.ar\/web\/wp-json\/wp\/v2\/posts"}],"about":[{"href":"https:\/\/www.oroverde.com.ar\/web\/wp-json\/wp\/v2\/types\/post"}],"author":[{"embeddable":true,"href":"https:\/\/www.oroverde.com.ar\/web\/wp-json\/wp\/v2\/users\/2"}],"replies":[{"embeddable":true,"href":"https:\/\/www.oroverde.com.ar\/web\/wp-json\/wp\/v2\/comments?post=9456"}],"version-history":[{"count":1,"href":"https:\/\/www.oroverde.com.ar\/web\/wp-json\/wp\/v2\/posts\/9456\/revisions"}],"predecessor-version":[{"id":9458,"href":"https:\/\/www.oroverde.com.ar\/web\/wp-json\/wp\/v2\/posts\/9456\/revisions\/9458"}],"wp:attachment":[{"href":"https:\/\/www.oroverde.com.ar\/web\/wp-json\/wp\/v2\/media?parent=9456"}],"wp:term":[{"taxonomy":"category","embeddable":true,"href":"https:\/\/www.oroverde.com.ar\/web\/wp-json\/wp\/v2\/categories?post=9456"},{"taxonomy":"post_tag","embeddable":true,"href":"https:\/\/www.oroverde.com.ar\/web\/wp-json\/wp\/v2\/tags?post=9456"}],"curies":[{"name":"wp","href":"https:\/\/api.w.org\/{rel}","templated":true}]}}